{"id":5669,"date":"2022-09-27T23:37:12","date_gmt":"2022-09-28T02:37:12","guid":{"rendered":"https:\/\/arrobavisual.org\/plataformaeducativa\/?p=5669"},"modified":"2022-09-28T00:23:06","modified_gmt":"2022-09-28T03:23:06","slug":"entrando-al-mundo-web3-el-paradigma-de-la-descentralizacion","status":"publish","type":"post","link":"https:\/\/arrobavisual.org\/plataformaeducativa\/entrando-al-mundo-web3-el-paradigma-de-la-descentralizacion\/","title":{"rendered":"Entrando al mundo web3 &#8211; El paradigma de la descentralizaci\u00f3n"},"content":{"rendered":"<p><img loading=\"lazy\" class=\"alignnone size-full wp-image-5674\" src=\"https:\/\/arrobavisual.org\/plataformaeducativa\/wp-content\/uploads\/2022\/09\/av2022_otro.png\" alt=\"arroba Visual contratos NFT\" width=\"2500\" height=\"977\" srcset=\"https:\/\/arrobavisual.org\/plataformaeducativa\/wp-content\/uploads\/2022\/09\/av2022_otro.png 2500w, https:\/\/arrobavisual.org\/plataformaeducativa\/wp-content\/uploads\/2022\/09\/av2022_otro-300x117.png 300w, https:\/\/arrobavisual.org\/plataformaeducativa\/wp-content\/uploads\/2022\/09\/av2022_otro-1024x400.png 1024w, https:\/\/arrobavisual.org\/plataformaeducativa\/wp-content\/uploads\/2022\/09\/av2022_otro-768x300.png 768w, https:\/\/arrobavisual.org\/plataformaeducativa\/wp-content\/uploads\/2022\/09\/av2022_otro-1536x600.png 1536w, https:\/\/arrobavisual.org\/plataformaeducativa\/wp-content\/uploads\/2022\/09\/av2022_otro-2048x800.png 2048w, https:\/\/arrobavisual.org\/plataformaeducativa\/wp-content\/uploads\/2022\/09\/av2022_otro-1200x469.png 1200w, https:\/\/arrobavisual.org\/plataformaeducativa\/wp-content\/uploads\/2022\/09\/av2022_otro-375x147.png 375w, https:\/\/arrobavisual.org\/plataformaeducativa\/wp-content\/uploads\/2022\/09\/av2022_otro-760x297.png 760w\" sizes=\"(max-width: 2500px) 100vw, 2500px\" \/><\/p>\n<h4>\u00bfSabes qu\u00e9 es web3 y c\u00f3mo comenzar a formar parte de este nuevo paradigma?<\/h4>\n<p>Cuando hablamos de web3 estamos hablando de un nuevo paradigma vinculado con la forma en la que nos relacionamos e interactuamos en internet pasando a ser aut\u00f3nomos, a no depender de terceros como empresas que manejen nuestra informaci\u00f3n y nuestros datos, sino que, lo que nos brinda la cadena de bloques o blockchain es la posibilidad de manejarnos con una descentralizaci\u00f3n absoluta si asi lo queremos.<\/p>\n<p>Esta idea de descentralizaci\u00f3n esta dada porque en blockchain ya no hay un servidor absoluto que &#8220;custodia&#8221;, &#8220;resguarda&#8221; determinada informaci\u00f3n que nosotros le proporcionamos, sino que la informaci\u00f3n se aprueba y guarda en una gran cantidad de computadoras &#8220;administradas por los llamados mineros&#8221; que son quienes validan las transacciones, las aprueban y las guardan. Pero esta informaci\u00f3n que guardan se replica en muchos ordenadores que conservan la informaci\u00f3n. Por esto si alguien interesado en eliminar informaci\u00f3n, o censurarla intenta eliminarla \u00e9sta continuar\u00e1 presente en el resto de ordenadores y ser\u00eda casi imposible hacer desaparecer una informaci\u00f3n.<\/p>\n<p>Estas cadenas de bloques involucran criptoactivos para realizar sus transacciones. El incentivo que fomenta la existencia de estas personas que act\u00faan como mineros en la red y utilizan sus computadoras para validar y guardar la informaci\u00f3n de las diferentes transacciones es la tarifa de &#8220;Gas&#8221; que se cobra por la validaci\u00f3n de cada transacci\u00f3n.<\/p>\n<p>Nuestra identidad dentro de web3 est\u00e1 dada por un n\u00famero de cuenta dentro de nuestra billetera digital. En web3 ya no existe el usuario y contrase\u00f1a al que estamos acostumbrados en web2, que es el acceso a las diferentes cuentas del mundo centralizado en el que acostumbramos operar. Web3 nos ofrece diferentes billeteras digitales o wallets en las que obtendremos un n\u00famero de cuenta que funcionar\u00e1 como nuestra identidad. Desde Arroba Visual recomendamos el uso de Metamask ya que es descentralizada, sencilla de utilizar y una de las m\u00e1s usadas. En el pr\u00f3ximo post te ense\u00f1ar\u00e9 a obtener tu identidad Web3 utilizando Metamask.<\/p>\n<p>Si tienes comentarios o consultas no dudes en realiz\u00e1rmelas, el mundo Web3 lo estamos formando y lo construimos entre todos. Hasta el pr\u00f3ximo post!<\/p>\n<p>Mar\u00eda Bel\u00e9n Suibr\u00e1n &#8211; Arroba Visual<\/p>\n","protected":false},"excerpt":{"rendered":"<p>\u00bfSabes qu\u00e9 es web3 y c\u00f3mo comenzar a formar parte de este nuevo paradigma? Cuando hablamos de web3 estamos hablando de un nuevo paradigma vinculado con la forma en la que nos relacionamos e interactuamos en internet pasando a ser aut\u00f3nomos, a no depender de terceros como empresas que manejen nuestra informaci\u00f3n y nuestros datos, [&hellip;]<\/p>\n","protected":false},"author":1,"featured_media":5670,"comment_status":"open","ping_status":"open","sticky":false,"template":"","format":"standard","meta":[],"categories":[105,1],"tags":[28,46,29,27,30],"yoast_head":"<!-- This site is optimized with the Yoast SEO plugin v20.3 - https:\/\/yoast.com\/wordpress\/plugins\/seo\/ -->\n<title>Entrando al mundo web3 - El paradigma de la descentralizaci\u00f3n - Plataforma Educativa Arroba Visual<\/title>\n<meta name=\"robots\" content=\"index, follow, max-snippet:-1, max-image-preview:large, max-video-preview:-1\" \/>\n<link rel=\"canonical\" href=\"https:\/\/arrobavisual.org\/plataformaeducativa\/entrando-al-mundo-web3-el-paradigma-de-la-descentralizacion\/\" \/>\n<meta property=\"og:locale\" content=\"es_ES\" \/>\n<meta property=\"og:type\" content=\"article\" \/>\n<meta property=\"og:title\" content=\"Entrando al mundo web3 - El paradigma de la descentralizaci\u00f3n - Plataforma Educativa Arroba Visual\" \/>\n<meta property=\"og:description\" content=\"\u00bfSabes qu\u00e9 es web3 y c\u00f3mo comenzar a formar parte de este nuevo paradigma? Cuando hablamos de web3 estamos hablando de un nuevo paradigma vinculado con la forma en la que nos relacionamos e interactuamos en internet pasando a ser aut\u00f3nomos, a no depender de terceros como empresas que manejen nuestra informaci\u00f3n y nuestros datos, [&hellip;]\" \/>\n<meta property=\"og:url\" content=\"https:\/\/arrobavisual.org\/plataformaeducativa\/entrando-al-mundo-web3-el-paradigma-de-la-descentralizacion\/\" \/>\n<meta property=\"og:site_name\" content=\"Plataforma Educativa Arroba Visual\" \/>\n<meta property=\"article:publisher\" content=\"https:\/\/www.facebook.com\/ArrobaVisual\/\" \/>\n<meta property=\"article:published_time\" content=\"2022-09-28T02:37:12+00:00\" \/>\n<meta property=\"article:modified_time\" content=\"2022-09-28T03:23:06+00:00\" \/>\n<meta property=\"og:image\" content=\"https:\/\/arrobavisual.org\/plataformaeducativa\/wp-content\/uploads\/2022\/09\/av2022.png\" \/>\n\t<meta property=\"og:image:width\" content=\"1366\" \/>\n\t<meta property=\"og:image:height\" content=\"484\" \/>\n\t<meta property=\"og:image:type\" content=\"image\/png\" \/>\n<meta name=\"author\" content=\"Mar\u00eda Bel\u00e9n Subir\u00e1n\" \/>\n<meta name=\"twitter:card\" content=\"summary_large_image\" \/>\n<meta name=\"twitter:label1\" content=\"Escrito por\" \/>\n\t<meta name=\"twitter:data1\" content=\"Mar\u00eda Bel\u00e9n Subir\u00e1n\" \/>\n\t<meta name=\"twitter:label2\" content=\"Tiempo de lectura\" \/>\n\t<meta name=\"twitter:data2\" content=\"2 minutos\" \/>\n<script type=\"application\/ld+json\" class=\"yoast-schema-graph\">{\"@context\":\"https:\/\/schema.org\",\"@graph\":[{\"@type\":\"Article\",\"@id\":\"https:\/\/arrobavisual.org\/plataformaeducativa\/entrando-al-mundo-web3-el-paradigma-de-la-descentralizacion\/#article\",\"isPartOf\":{\"@id\":\"https:\/\/arrobavisual.org\/plataformaeducativa\/entrando-al-mundo-web3-el-paradigma-de-la-descentralizacion\/\"},\"author\":{\"name\":\"Mar\u00eda Bel\u00e9n Subir\u00e1n\",\"@id\":\"https:\/\/arrobavisual.org\/plataformaeducativa\/#\/schema\/person\/b6936a6754a469f22af43cd1cf6dc8b6\"},\"headline\":\"Entrando al mundo web3 &#8211; El paradigma de la descentralizaci\u00f3n\",\"datePublished\":\"2022-09-28T02:37:12+00:00\",\"dateModified\":\"2022-09-28T03:23:06+00:00\",\"mainEntityOfPage\":{\"@id\":\"https:\/\/arrobavisual.org\/plataformaeducativa\/entrando-al-mundo-web3-el-paradigma-de-la-descentralizacion\/\"},\"wordCount\":401,\"commentCount\":0,\"publisher\":{\"@id\":\"https:\/\/arrobavisual.org\/plataformaeducativa\/#organization\"},\"keywords\":[\"Arroba Visual\",\"juegos\",\"Mar\u00eda Bel\u00e9n Subir\u00e1n\",\"Plataforma educativa\",\"Plataforma educativa Arroba Visual\"],\"articleSection\":[\"cultura\"],\"inLanguage\":\"es\",\"potentialAction\":[{\"@type\":\"CommentAction\",\"name\":\"Comment\",\"target\":[\"https:\/\/arrobavisual.org\/plataformaeducativa\/entrando-al-mundo-web3-el-paradigma-de-la-descentralizacion\/#respond\"]}]},{\"@type\":\"WebPage\",\"@id\":\"https:\/\/arrobavisual.org\/plataformaeducativa\/entrando-al-mundo-web3-el-paradigma-de-la-descentralizacion\/\",\"url\":\"https:\/\/arrobavisual.org\/plataformaeducativa\/entrando-al-mundo-web3-el-paradigma-de-la-descentralizacion\/\",\"name\":\"Entrando al mundo web3 - El paradigma de la descentralizaci\u00f3n - Plataforma Educativa Arroba Visual\",\"isPartOf\":{\"@id\":\"https:\/\/arrobavisual.org\/plataformaeducativa\/#website\"},\"datePublished\":\"2022-09-28T02:37:12+00:00\",\"dateModified\":\"2022-09-28T03:23:06+00:00\",\"breadcrumb\":{\"@id\":\"https:\/\/arrobavisual.org\/plataformaeducativa\/entrando-al-mundo-web3-el-paradigma-de-la-descentralizacion\/#breadcrumb\"},\"inLanguage\":\"es\",\"potentialAction\":[{\"@type\":\"ReadAction\",\"target\":[\"https:\/\/arrobavisual.org\/plataformaeducativa\/entrando-al-mundo-web3-el-paradigma-de-la-descentralizacion\/\"]}]},{\"@type\":\"BreadcrumbList\",\"@id\":\"https:\/\/arrobavisual.org\/plataformaeducativa\/entrando-al-mundo-web3-el-paradigma-de-la-descentralizacion\/#breadcrumb\",\"itemListElement\":[{\"@type\":\"ListItem\",\"position\":1,\"name\":\"Portada\",\"item\":\"https:\/\/arrobavisual.org\/plataformaeducativa\/\"},{\"@type\":\"ListItem\",\"position\":2,\"name\":\"Entrando al mundo web3 &#8211; El paradigma de la descentralizaci\u00f3n\"}]},{\"@type\":\"WebSite\",\"@id\":\"https:\/\/arrobavisual.org\/plataformaeducativa\/#website\",\"url\":\"https:\/\/arrobavisual.org\/plataformaeducativa\/\",\"name\":\"Plataforma Educativa Arroba Visual\",\"description\":\"Plataforma Educativa Arroba Visual\",\"publisher\":{\"@id\":\"https:\/\/arrobavisual.org\/plataformaeducativa\/#organization\"},\"potentialAction\":[{\"@type\":\"SearchAction\",\"target\":{\"@type\":\"EntryPoint\",\"urlTemplate\":\"https:\/\/arrobavisual.org\/plataformaeducativa\/?s={search_term_string}\"},\"query-input\":\"required name=search_term_string\"}],\"inLanguage\":\"es\"},{\"@type\":\"Organization\",\"@id\":\"https:\/\/arrobavisual.org\/plataformaeducativa\/#organization\",\"name\":\"Arroba Visual\",\"url\":\"https:\/\/arrobavisual.org\/plataformaeducativa\/\",\"logo\":{\"@type\":\"ImageObject\",\"inLanguage\":\"es\",\"@id\":\"https:\/\/arrobavisual.org\/plataformaeducativa\/#\/schema\/logo\/image\/\",\"url\":\"http:\/\/arrobavisual.org\/plataformaeducativa\/wp-content\/uploads\/2018\/03\/AVisologotipo-1.png\",\"contentUrl\":\"http:\/\/arrobavisual.org\/plataformaeducativa\/wp-content\/uploads\/2018\/03\/AVisologotipo-1.png\",\"width\":150,\"height\":125,\"caption\":\"Arroba Visual\"},\"image\":{\"@id\":\"https:\/\/arrobavisual.org\/plataformaeducativa\/#\/schema\/logo\/image\/\"},\"sameAs\":[\"https:\/\/www.facebook.com\/ArrobaVisual\/\",\"https:\/\/www.instagram.com\/arrobavisual\/\"]},{\"@type\":\"Person\",\"@id\":\"https:\/\/arrobavisual.org\/plataformaeducativa\/#\/schema\/person\/b6936a6754a469f22af43cd1cf6dc8b6\",\"name\":\"Mar\u00eda Bel\u00e9n Subir\u00e1n\",\"image\":{\"@type\":\"ImageObject\",\"inLanguage\":\"es\",\"@id\":\"https:\/\/arrobavisual.org\/plataformaeducativa\/#\/schema\/person\/image\/\",\"url\":\"https:\/\/secure.gravatar.com\/avatar\/98f80bb34b5f6f95da68f16a3b1bd83f?s=96&r=g\",\"contentUrl\":\"https:\/\/secure.gravatar.com\/avatar\/98f80bb34b5f6f95da68f16a3b1bd83f?s=96&r=g\",\"caption\":\"Mar\u00eda Bel\u00e9n Subir\u00e1n\"},\"url\":\"https:\/\/arrobavisual.org\/plataformaeducativa\/author\/admin\/\"}]}<\/script>\n<!-- \/ Yoast SEO plugin. -->","yoast_head_json":{"title":"Entrando al mundo web3 - El paradigma de la descentralizaci\u00f3n - Plataforma Educativa Arroba Visual","robots":{"index":"index","follow":"follow","max-snippet":"max-snippet:-1","max-image-preview":"max-image-preview:large","max-video-preview":"max-video-preview:-1"},"canonical":"https:\/\/arrobavisual.org\/plataformaeducativa\/entrando-al-mundo-web3-el-paradigma-de-la-descentralizacion\/","og_locale":"es_ES","og_type":"article","og_title":"Entrando al mundo web3 - El paradigma de la descentralizaci\u00f3n - Plataforma Educativa Arroba Visual","og_description":"\u00bfSabes qu\u00e9 es web3 y c\u00f3mo comenzar a formar parte de este nuevo paradigma? Cuando hablamos de web3 estamos hablando de un nuevo paradigma vinculado con la forma en la que nos relacionamos e interactuamos en internet pasando a ser aut\u00f3nomos, a no depender de terceros como empresas que manejen nuestra informaci\u00f3n y nuestros datos, [&hellip;]","og_url":"https:\/\/arrobavisual.org\/plataformaeducativa\/entrando-al-mundo-web3-el-paradigma-de-la-descentralizacion\/","og_site_name":"Plataforma Educativa Arroba Visual","article_publisher":"https:\/\/www.facebook.com\/ArrobaVisual\/","article_published_time":"2022-09-28T02:37:12+00:00","article_modified_time":"2022-09-28T03:23:06+00:00","og_image":[{"width":1366,"height":484,"url":"https:\/\/arrobavisual.org\/plataformaeducativa\/wp-content\/uploads\/2022\/09\/av2022.png","type":"image\/png"}],"author":"Mar\u00eda Bel\u00e9n Subir\u00e1n","twitter_card":"summary_large_image","twitter_misc":{"Escrito por":"Mar\u00eda Bel\u00e9n Subir\u00e1n","Tiempo de lectura":"2 minutos"},"schema":{"@context":"https:\/\/schema.org","@graph":[{"@type":"Article","@id":"https:\/\/arrobavisual.org\/plataformaeducativa\/entrando-al-mundo-web3-el-paradigma-de-la-descentralizacion\/#article","isPartOf":{"@id":"https:\/\/arrobavisual.org\/plataformaeducativa\/entrando-al-mundo-web3-el-paradigma-de-la-descentralizacion\/"},"author":{"name":"Mar\u00eda Bel\u00e9n Subir\u00e1n","@id":"https:\/\/arrobavisual.org\/plataformaeducativa\/#\/schema\/person\/b6936a6754a469f22af43cd1cf6dc8b6"},"headline":"Entrando al mundo web3 &#8211; El paradigma de la descentralizaci\u00f3n","datePublished":"2022-09-28T02:37:12+00:00","dateModified":"2022-09-28T03:23:06+00:00","mainEntityOfPage":{"@id":"https:\/\/arrobavisual.org\/plataformaeducativa\/entrando-al-mundo-web3-el-paradigma-de-la-descentralizacion\/"},"wordCount":401,"commentCount":0,"publisher":{"@id":"https:\/\/arrobavisual.org\/plataformaeducativa\/#organization"},"keywords":["Arroba Visual","juegos","Mar\u00eda Bel\u00e9n Subir\u00e1n","Plataforma educativa","Plataforma educativa Arroba Visual"],"articleSection":["cultura"],"inLanguage":"es","potentialAction":[{"@type":"CommentAction","name":"Comment","target":["https:\/\/arrobavisual.org\/plataformaeducativa\/entrando-al-mundo-web3-el-paradigma-de-la-descentralizacion\/#respond"]}]},{"@type":"WebPage","@id":"https:\/\/arrobavisual.org\/plataformaeducativa\/entrando-al-mundo-web3-el-paradigma-de-la-descentralizacion\/","url":"https:\/\/arrobavisual.org\/plataformaeducativa\/entrando-al-mundo-web3-el-paradigma-de-la-descentralizacion\/","name":"Entrando al mundo web3 - El paradigma de la descentralizaci\u00f3n - Plataforma Educativa Arroba Visual","isPartOf":{"@id":"https:\/\/arrobavisual.org\/plataformaeducativa\/#website"},"datePublished":"2022-09-28T02:37:12+00:00","dateModified":"2022-09-28T03:23:06+00:00","breadcrumb":{"@id":"https:\/\/arrobavisual.org\/plataformaeducativa\/entrando-al-mundo-web3-el-paradigma-de-la-descentralizacion\/#breadcrumb"},"inLanguage":"es","potentialAction":[{"@type":"ReadAction","target":["https:\/\/arrobavisual.org\/plataformaeducativa\/entrando-al-mundo-web3-el-paradigma-de-la-descentralizacion\/"]}]},{"@type":"BreadcrumbList","@id":"https:\/\/arrobavisual.org\/plataformaeducativa\/entrando-al-mundo-web3-el-paradigma-de-la-descentralizacion\/#breadcrumb","itemListElement":[{"@type":"ListItem","position":1,"name":"Portada","item":"https:\/\/arrobavisual.org\/plataformaeducativa\/"},{"@type":"ListItem","position":2,"name":"Entrando al mundo web3 &#8211; El paradigma de la descentralizaci\u00f3n"}]},{"@type":"WebSite","@id":"https:\/\/arrobavisual.org\/plataformaeducativa\/#website","url":"https:\/\/arrobavisual.org\/plataformaeducativa\/","name":"Plataforma Educativa Arroba Visual","description":"Plataforma Educativa Arroba Visual","publisher":{"@id":"https:\/\/arrobavisual.org\/plataformaeducativa\/#organization"},"potentialAction":[{"@type":"SearchAction","target":{"@type":"EntryPoint","urlTemplate":"https:\/\/arrobavisual.org\/plataformaeducativa\/?s={search_term_string}"},"query-input":"required name=search_term_string"}],"inLanguage":"es"},{"@type":"Organization","@id":"https:\/\/arrobavisual.org\/plataformaeducativa\/#organization","name":"Arroba Visual","url":"https:\/\/arrobavisual.org\/plataformaeducativa\/","logo":{"@type":"ImageObject","inLanguage":"es","@id":"https:\/\/arrobavisual.org\/plataformaeducativa\/#\/schema\/logo\/image\/","url":"http:\/\/arrobavisual.org\/plataformaeducativa\/wp-content\/uploads\/2018\/03\/AVisologotipo-1.png","contentUrl":"http:\/\/arrobavisual.org\/plataformaeducativa\/wp-content\/uploads\/2018\/03\/AVisologotipo-1.png","width":150,"height":125,"caption":"Arroba Visual"},"image":{"@id":"https:\/\/arrobavisual.org\/plataformaeducativa\/#\/schema\/logo\/image\/"},"sameAs":["https:\/\/www.facebook.com\/ArrobaVisual\/","https:\/\/www.instagram.com\/arrobavisual\/"]},{"@type":"Person","@id":"https:\/\/arrobavisual.org\/plataformaeducativa\/#\/schema\/person\/b6936a6754a469f22af43cd1cf6dc8b6","name":"Mar\u00eda Bel\u00e9n Subir\u00e1n","image":{"@type":"ImageObject","inLanguage":"es","@id":"https:\/\/arrobavisual.org\/plataformaeducativa\/#\/schema\/person\/image\/","url":"https:\/\/secure.gravatar.com\/avatar\/98f80bb34b5f6f95da68f16a3b1bd83f?s=96&r=g","contentUrl":"https:\/\/secure.gravatar.com\/avatar\/98f80bb34b5f6f95da68f16a3b1bd83f?s=96&r=g","caption":"Mar\u00eda Bel\u00e9n Subir\u00e1n"},"url":"https:\/\/arrobavisual.org\/plataformaeducativa\/author\/admin\/"}]}},"_links":{"self":[{"href":"https:\/\/arrobavisual.org\/plataformaeducativa\/wp-json\/wp\/v2\/posts\/5669"}],"collection":[{"href":"https:\/\/arrobavisual.org\/plataformaeducativa\/wp-json\/wp\/v2\/posts"}],"about":[{"href":"https:\/\/arrobavisual.org\/plataformaeducativa\/wp-json\/wp\/v2\/types\/post"}],"author":[{"embeddable":true,"href":"https:\/\/arrobavisual.org\/plataformaeducativa\/wp-json\/wp\/v2\/users\/1"}],"replies":[{"embeddable":true,"href":"https:\/\/arrobavisual.org\/plataformaeducativa\/wp-json\/wp\/v2\/comments?post=5669"}],"version-history":[{"count":7,"href":"https:\/\/arrobavisual.org\/plataformaeducativa\/wp-json\/wp\/v2\/posts\/5669\/revisions"}],"predecessor-version":[{"id":5684,"href":"https:\/\/arrobavisual.org\/plataformaeducativa\/wp-json\/wp\/v2\/posts\/5669\/revisions\/5684"}],"wp:featuredmedia":[{"embeddable":true,"href":"https:\/\/arrobavisual.org\/plataformaeducativa\/wp-json\/wp\/v2\/media\/5670"}],"wp:attachment":[{"href":"https:\/\/arrobavisual.org\/plataformaeducativa\/wp-json\/wp\/v2\/media?parent=5669"}],"wp:term":[{"taxonomy":"category","embeddable":true,"href":"https:\/\/arrobavisual.org\/plataformaeducativa\/wp-json\/wp\/v2\/categories?post=5669"},{"taxonomy":"post_tag","embeddable":true,"href":"https:\/\/arrobavisual.org\/plataformaeducativa\/wp-json\/wp\/v2\/tags?post=5669"}],"curies":[{"name":"wp","href":"https:\/\/api.w.org\/{rel}","templated":true}]}}